{"id":2010,"date":"2024-02-09T10:20:07","date_gmt":"2024-02-09T09:20:07","guid":{"rendered":"https:\/\/www-b3.ijs.si\/?p=2010"},"modified":"2024-02-09T10:20:08","modified_gmt":"2024-02-09T09:20:08","slug":"pregledni-clanek-o-adhezinih-bakterij-campylobacter-jejuni","status":"publish","type":"post","link":"https:\/\/www-b3.ijs.si\/index.php\/2024\/02\/09\/pregledni-clanek-o-adhezinih-bakterij-campylobacter-jejuni\/?lang=sl","title":{"rendered":"Pregledni \u010dlanek o adhezinih bakterij Campylobacter jejuni"},"content":{"rendered":"\n<p>Jerica Saboti\u010d in Nika Jane\u017e sta v sodelovanju z Anjo Klan\u010dnik z Biotehni\u0161ke fakultete Univerze v Ljubljani nedavno objavili pregledni \u010dlanek z naslovom &#8220;Molekularne strukture, ki sodelujejo pri adheziji bakterij Campylobacter jejuni na abiotske in biotske povr\u0161ine&#8221;. \u010clanek vsebuje celovit pregled molekularnih in funkcionalnih vidikov adhezije kampilobaktra, glavnega povzro\u010ditelja bakterijskega gastroenteritisa na svetu. Adhezija je namre\u010d pomemben dejavnik patogeneze in perzistence kampilobaktrov. Opisali smo razli\u010dne strukture in interakcije, ki omogo\u010dajo adhezijo bakterij C. jejuni na razli\u010dne povr\u0161ine. Preverili smo tudi raznolikost in porazdelitev adhezinov med sevi C. jejuni iz razli\u010dnih ekolo\u0161kih ni\u0161 ter opredelili nekatere morebitne nove adhezijske dejavnike, ki \u0161e niso bili raziskani. Interakcije protein-protein, protein-glikan in glikan-glikan so bistvene za adhezijo, pri \u010demer prispevajo razli\u010dni dejavniki v razli\u010dnih pogojih razli\u010den pomen. Avtorji poudarijo pomembnost povezovanja razli\u010dnih pristopov in metod za bolj\u0161e razumevanje procesa adhezije ter njegove vloge v biologiji in epidemiologiji kampilobaktrov. Z upo\u0161tevanjem \u0161tevilnih in medsebojno povezanih vlog proteinov, glikokonjugatov in polisaharidov \u017eelimo izbolj\u0161ati strategije za u\u010dinkovito obvladovanje bakterij C. jejuni in zmanj\u0161anje njihovega bremena za javno zdravje.<\/p>\n\n\n\n<p>Povezava: <a href=\"https:\/\/doi.org\/10.1016\/j.vetmic.2023.109918\" target=\"_blank\" rel=\"noreferrer noopener\">https:\/\/doi.org\/10.1016\/j.vetmic.2023.109918<\/a><\/p>\n","protected":false},"excerpt":{"rendered":"<p>Jerica Saboti\u010d in Nika Jane\u017e sta v sodelovanju z Anjo Klan\u010dnik z Biotehni\u0161ke fakultete Univerze v Ljubljani nedavno objavili pregledni \u010dlanek z naslovom &#8220;Molekularne strukture, ki sodelujejo pri adheziji bakterij Campylobacter jejuni na abiotske in biotske povr\u0161ine&#8221;. \u010clanek vsebuje celovit pregled molekularnih in funkcionalnih vidikov adhezije kampilobaktra, glavnega povzro\u010ditelja bakterijskega gastroenteritisa na svetu. Adhezija je [&hellip;]<\/p>\n","protected":false},"author":3,"featured_media":2007,"comment_status":"closed","ping_status":"closed","sticky":false,"template":"","format":"standard","meta":[],"categories":[15],"tags":[],"_links":{"self":[{"href":"https:\/\/www-b3.ijs.si\/index.php\/wp-json\/wp\/v2\/posts\/2010"}],"collection":[{"href":"https:\/\/www-b3.ijs.si\/index.php\/wp-json\/wp\/v2\/posts"}],"about":[{"href":"https:\/\/www-b3.ijs.si\/index.php\/wp-json\/wp\/v2\/types\/post"}],"author":[{"embeddable":true,"href":"https:\/\/www-b3.ijs.si\/index.php\/wp-json\/wp\/v2\/users\/3"}],"replies":[{"embeddable":true,"href":"https:\/\/www-b3.ijs.si\/index.php\/wp-json\/wp\/v2\/comments?post=2010"}],"version-history":[{"count":1,"href":"https:\/\/www-b3.ijs.si\/index.php\/wp-json\/wp\/v2\/posts\/2010\/revisions"}],"predecessor-version":[{"id":2011,"href":"https:\/\/www-b3.ijs.si\/index.php\/wp-json\/wp\/v2\/posts\/2010\/revisions\/2011"}],"wp:featuredmedia":[{"embeddable":true,"href":"https:\/\/www-b3.ijs.si\/index.php\/wp-json\/wp\/v2\/media\/2007"}],"wp:attachment":[{"href":"https:\/\/www-b3.ijs.si\/index.php\/wp-json\/wp\/v2\/media?parent=2010"}],"wp:term":[{"taxonomy":"category","embeddable":true,"href":"https:\/\/www-b3.ijs.si\/index.php\/wp-json\/wp\/v2\/categories?post=2010"},{"taxonomy":"post_tag","embeddable":true,"href":"https:\/\/www-b3.ijs.si\/index.php\/wp-json\/wp\/v2\/tags?post=2010"}],"curies":[{"name":"wp","href":"https:\/\/api.w.org\/{rel}","templated":true}]}}